{"id":8861,"date":"2025-04-29T17:29:02","date_gmt":"2025-04-29T17:29:02","guid":{"rendered":"https:\/\/www.romanidisinfestazioni.com\/?p=8861"},"modified":"2025-04-29T17:29:39","modified_gmt":"2025-04-29T17:29:39","slug":"world-pest-day-italia","status":"publish","type":"post","link":"https:\/\/www.romanidisinfestazioni.com\/index.php\/world-pest-day-italia\/","title":{"rendered":"World Pest Day Italia"},"content":{"rendered":"\n<p>Quest&#8217;anno la Giornata Mondiale della Sensibilizzazione alla Disinfestazione 2025 in Italia si terr\u00e0 a Noto il 6 Giugno 2025.<\/p>\n\n\n\n<p>Appuntamento imperdibile l&#8217;evento \u00e8 a cura di ANID, l&#8217;Associazione Nazionale delle Imprese di Disinfestazione e si terr\u00e0 presso  il prestigioso contesto della Sala Gagliardi a Noto dove gli Operatori del Settore si incontreranno per fare il punto e tracciare le linee guida per il futuro del Pest Management.<\/p>\n\n\n\n<p>Ricordiamo di seguito i punti cardine della Giornata Mondiale della Sensibilizzazione alla Disinfestazione ripresi dal sito <a href=\"https:\/\/worldpestdayitalia.it\/\" target=\"_blank\" rel=\"noreferrer noopener\">https:\/\/worldpestdayitalia.it\/<\/a><\/p>\n\n\n\n<h3 class=\"wp-block-heading\">1.\u00a0&#8220;Proteggi la salute pubblica<\/h3>\n\n\n\n<p>Gli infestanti non sono solo un fastidio, ma possono trasmettere malattie pericolose a persone e animali. Partecipare significa informarsi sulle migliori strategie di prevenzione e controllo per tutelare la comunit\u00e0.<\/p>\n\n\n\n<h3 class=\"wp-block-heading\">2.&nbsp;Difendi l\u2019ambiente con soluzioni sostenibili<\/h3>\n\n\n\n<p>La disinfestazione non deve significare danni all\u2019ecosistema. Conoscere le tecniche innovative e a basso impatto permette di ridurre l\u2019uso di sostanze nocive e proteggere la biodiversit\u00e0.<\/p>\n\n\n\n<h3 class=\"wp-block-heading\">3.&nbsp;Migliora la sicurezza alimentare<\/h3>\n\n\n\n<p>Gli infestanti possono compromettere intere filiere agroalimentari. Partecipare all\u2019evento aiuta produttori, distributori e consumatori a comprendere l\u2019importanza di una gestione efficace per garantire cibo sano e sicuro.<\/p>\n\n\n\n<h3 class=\"wp-block-heading\">4.&nbsp;Fai rete con esperti e innovatori del settore<\/h3>\n\n\n\n<p>L\u2019evento \u00e8 un\u2019occasione unica per entrare in contatto con professionisti, istituzioni e aziende che operano nella disinfestazione, creando nuove opportunit\u00e0 di collaborazione e crescita&#8221;.<\/p>\n\n\n\n<ul class=\"wp-block-list\"><\/ul>\n\n\n\n<p>Leggi anche l&#8217;articolo completo sul sito di <a href=\"https:\/\/www.disinfestazione.org\/la-giornata-mondiale-della-sensibilizzazione-alla-disinfestazione-2025-si-rinnova-con-anid\/\" target=\"_blank\" rel=\"noreferrer noopener\">ANID<\/a>.<\/p>\n\n\n\n<p>Romani Disinfestazioni Srl <\/p>\n\n\n\n<p>Tel 0583-955344  qualita@romanidisinfestazioni.com<\/p>\n<div class=\"likebtn_container\" style=\"\"><!-- LikeBtn.com BEGIN --><span class=\"likebtn-wrapper\"  data-identifier=\"post_8861\"  data-lang=\"it\"  data-style=\"\"  data-unlike_allowed=\"\"  data-show_copyright=\"\"  data-item_url=\"https:\/\/www.romanidisinfestazioni.com\/index.php\/world-pest-day-italia\/\"  data-item_title=\"World Pest Day Italia\"  data-item_image=\"https:\/\/www.romanidisinfestazioni.com\/wp-content\/uploads\/2025\/04\/World-Pest-Day-202506-250x203.jpg\"  data-item_date=\"2025-04-29T17:29:02+00:00\"  data-engine=\"WordPress\"  data-plugin_v=\"2.6.59\"  data-event_handler=\"likebtn_eh\" ><\/span><!-- LikeBtn.com END --><\/div>","protected":false},"excerpt":{"rendered":"<p>Quest&#8217;anno la Giornata Mondiale della Sensibilizzazione alla Disinfestazione 2025 in Italia si terr\u00e0 a Noto il 6 Giugno 2025. Appuntamento imperdibile l&#8217;evento \u00e8 a cura di ANID, l&#8217;Associazione Nazionale delle Imprese di Disinfestazione e si terr\u00e0 presso il prestigioso contesto della Sala Gagliardi a Noto dove gli Operatori del Settore si incontreranno per fare il [&hellip;]<\/p>\n<div class=\"likebtn_container\" style=\"\"><!-- LikeBtn.com BEGIN --><span class=\"likebtn-wrapper\"  data-identifier=\"post_8861\"  data-lang=\"it\"  data-style=\"\"  data-unlike_allowed=\"\"  data-show_copyright=\"\"  data-item_url=\"https:\/\/www.romanidisinfestazioni.com\/index.php\/world-pest-day-italia\/\"  data-item_title=\"World Pest Day Italia\"  data-item_image=\"https:\/\/www.romanidisinfestazioni.com\/wp-content\/uploads\/2025\/04\/World-Pest-Day-202506-250x203.jpg\"  data-item_date=\"2025-04-29T17:29:02+00:00\"  data-engine=\"WordPress\"  data-plugin_v=\"2.6.59\"  data-event_handler=\"likebtn_eh\" ><\/span><!-- LikeBtn.com END --><\/div>","protected":false},"author":1,"featured_media":8867,"comment_status":"open","ping_status":"open","sticky":false,"template":"","format":"standard","meta":{"footnotes":""},"categories":[521],"tags":[763],"class_list":["post-8861","post","type-post","status-publish","format-standard","has-post-thumbnail","hentry","category-anid-2","tag-world-pest-day"],"yoast_head":"<!-- This site is optimized with the Yoast SEO plugin v27.3 - https:\/\/yoast.com\/product\/yoast-seo-wordpress\/ -->\r\n<title>World Pest Day Italia - Romani Disinfestazioni Srl<\/title>\r\n<meta name=\"description\" content=\"L&#039;evento \u00e8 a cura di ANID, l&#039;Associazione Nazionale delle Imprese di Disinfestazione che organizza questo evento dove gli Operatori del settore si incontreranno nel prestigioso contesto della Sala Gagliardi a Noto per fare il punto e tracciare le linee guida per il futuro del Pest Management.\" \/>\r\n<meta name=\"robots\" content=\"index, follow, max-snippet:-1, max-image-preview:large, max-video-preview:-1\" \/>\r\n<link rel=\"canonical\" href=\"https:\/\/www.romanidisinfestazioni.com\/index.php\/world-pest-day-italia\/\" \/>\r\n<meta property=\"og:locale\" content=\"it_IT\" \/>\r\n<meta property=\"og:type\" content=\"article\" \/>\r\n<meta property=\"og:title\" content=\"World Pest Day Italia - Romani Disinfestazioni Srl\" \/>\r\n<meta property=\"og:description\" content=\"L&#039;evento \u00e8 a cura di ANID, l&#039;Associazione Nazionale delle Imprese di Disinfestazione che organizza questo evento dove gli Operatori del settore si incontreranno nel prestigioso contesto della Sala Gagliardi a Noto per fare il punto e tracciare le linee guida per il futuro del Pest Management.\" \/>\r\n<meta property=\"og:url\" content=\"https:\/\/www.romanidisinfestazioni.com\/index.php\/world-pest-day-italia\/\" \/>\r\n<meta property=\"og:site_name\" content=\"Romani Disinfestazioni Srl\" \/>\r\n<meta property=\"article:publisher\" content=\"http:\/\/www.facebook.com\/pages\/Romani-Igiene-Ambientale\/267582806619007\" \/>\r\n<meta property=\"article:published_time\" content=\"2025-04-29T17:29:02+00:00\" \/>\r\n<meta property=\"article:modified_time\" content=\"2025-04-29T17:29:39+00:00\" \/>\r\n<meta property=\"og:image\" content=\"https:\/\/www.romanidisinfestazioni.com\/wp-content\/uploads\/2025\/04\/World-Pest-Day-202506.jpg\" \/>\r\n\t<meta property=\"og:image:width\" content=\"734\" \/>\r\n\t<meta property=\"og:image:height\" content=\"597\" \/>\r\n\t<meta property=\"og:image:type\" content=\"image\/jpeg\" \/>\r\n<meta name=\"author\" content=\"Norman\" \/>\r\n<meta name=\"twitter:card\" content=\"summary_large_image\" \/>\r\n<meta name=\"twitter:creator\" content=\"@romanidisinfe\" \/>\r\n<meta name=\"twitter:site\" content=\"@romanidisinfe\" \/>\r\n<meta name=\"twitter:label1\" content=\"Scritto da\" \/>\n\t<meta name=\"twitter:data1\" content=\"Norman\" \/>\n\t<meta name=\"twitter:label2\" content=\"Tempo di lettura stimato\" \/>\n\t<meta name=\"twitter:data2\" content=\"2 minuti\" \/>\r\n<script type=\"application\/ld+json\" class=\"yoast-schema-graph\">{\"@context\":\"https:\\\/\\\/schema.org\",\"@graph\":[{\"@type\":\"Article\",\"@id\":\"https:\\\/\\\/www.romanidisinfestazioni.com\\\/index.php\\\/world-pest-day-italia\\\/#article\",\"isPartOf\":{\"@id\":\"https:\\\/\\\/www.romanidisinfestazioni.com\\\/index.php\\\/world-pest-day-italia\\\/\"},\"author\":{\"name\":\"Norman\",\"@id\":\"https:\\\/\\\/www.romanidisinfestazioni.com\\\/#\\\/schema\\\/person\\\/b567faea9f59a232701363f97881117c\"},\"headline\":\"World Pest Day Italia\",\"datePublished\":\"2025-04-29T17:29:02+00:00\",\"dateModified\":\"2025-04-29T17:29:39+00:00\",\"mainEntityOfPage\":{\"@id\":\"https:\\\/\\\/www.romanidisinfestazioni.com\\\/index.php\\\/world-pest-day-italia\\\/\"},\"wordCount\":243,\"commentCount\":0,\"image\":{\"@id\":\"https:\\\/\\\/www.romanidisinfestazioni.com\\\/index.php\\\/world-pest-day-italia\\\/#primaryimage\"},\"thumbnailUrl\":\"https:\\\/\\\/www.romanidisinfestazioni.com\\\/wp-content\\\/uploads\\\/2025\\\/04\\\/World-Pest-Day-202506.jpg\",\"keywords\":[\"world pest day\"],\"articleSection\":[\"ANID\"],\"inLanguage\":\"it-IT\",\"potentialAction\":[{\"@type\":\"CommentAction\",\"name\":\"Comment\",\"target\":[\"https:\\\/\\\/www.romanidisinfestazioni.com\\\/index.php\\\/world-pest-day-italia\\\/#respond\"]}]},{\"@type\":\"WebPage\",\"@id\":\"https:\\\/\\\/www.romanidisinfestazioni.com\\\/index.php\\\/world-pest-day-italia\\\/\",\"url\":\"https:\\\/\\\/www.romanidisinfestazioni.com\\\/index.php\\\/world-pest-day-italia\\\/\",\"name\":\"World Pest Day Italia - Romani Disinfestazioni Srl\",\"isPartOf\":{\"@id\":\"https:\\\/\\\/www.romanidisinfestazioni.com\\\/#website\"},\"primaryImageOfPage\":{\"@id\":\"https:\\\/\\\/www.romanidisinfestazioni.com\\\/index.php\\\/world-pest-day-italia\\\/#primaryimage\"},\"image\":{\"@id\":\"https:\\\/\\\/www.romanidisinfestazioni.com\\\/index.php\\\/world-pest-day-italia\\\/#primaryimage\"},\"thumbnailUrl\":\"https:\\\/\\\/www.romanidisinfestazioni.com\\\/wp-content\\\/uploads\\\/2025\\\/04\\\/World-Pest-Day-202506.jpg\",\"datePublished\":\"2025-04-29T17:29:02+00:00\",\"dateModified\":\"2025-04-29T17:29:39+00:00\",\"author\":{\"@id\":\"https:\\\/\\\/www.romanidisinfestazioni.com\\\/#\\\/schema\\\/person\\\/b567faea9f59a232701363f97881117c\"},\"description\":\"L'evento \u00e8 a cura di ANID, l'Associazione Nazionale delle Imprese di Disinfestazione che organizza questo evento dove gli Operatori del settore si incontreranno nel prestigioso contesto della Sala Gagliardi a Noto per fare il punto e tracciare le linee guida per il futuro del Pest Management.\",\"breadcrumb\":{\"@id\":\"https:\\\/\\\/www.romanidisinfestazioni.com\\\/index.php\\\/world-pest-day-italia\\\/#breadcrumb\"},\"inLanguage\":\"it-IT\",\"potentialAction\":[{\"@type\":\"ReadAction\",\"target\":[\"https:\\\/\\\/www.romanidisinfestazioni.com\\\/index.php\\\/world-pest-day-italia\\\/\"]}]},{\"@type\":\"ImageObject\",\"inLanguage\":\"it-IT\",\"@id\":\"https:\\\/\\\/www.romanidisinfestazioni.com\\\/index.php\\\/world-pest-day-italia\\\/#primaryimage\",\"url\":\"https:\\\/\\\/www.romanidisinfestazioni.com\\\/wp-content\\\/uploads\\\/2025\\\/04\\\/World-Pest-Day-202506.jpg\",\"contentUrl\":\"https:\\\/\\\/www.romanidisinfestazioni.com\\\/wp-content\\\/uploads\\\/2025\\\/04\\\/World-Pest-Day-202506.jpg\",\"width\":734,\"height\":597},{\"@type\":\"BreadcrumbList\",\"@id\":\"https:\\\/\\\/www.romanidisinfestazioni.com\\\/index.php\\\/world-pest-day-italia\\\/#breadcrumb\",\"itemListElement\":[{\"@type\":\"ListItem\",\"position\":1,\"name\":\"Home\",\"item\":\"https:\\\/\\\/www.romanidisinfestazioni.com\\\/\"},{\"@type\":\"ListItem\",\"position\":2,\"name\":\"ANID\",\"item\":\"https:\\\/\\\/www.romanidisinfestazioni.com\\\/index.php\\\/category\\\/anid-2\\\/\"},{\"@type\":\"ListItem\",\"position\":3,\"name\":\"World Pest Day Italia\"}]},{\"@type\":\"WebSite\",\"@id\":\"https:\\\/\\\/www.romanidisinfestazioni.com\\\/#website\",\"url\":\"https:\\\/\\\/www.romanidisinfestazioni.com\\\/\",\"name\":\"Romani Disinfestazioni Srl\",\"description\":\"Servizi di monitoraggio infestanti per Aziende Alimentari Certificate BRC\\\/IFS\",\"potentialAction\":[{\"@type\":\"SearchAction\",\"target\":{\"@type\":\"EntryPoint\",\"urlTemplate\":\"https:\\\/\\\/www.romanidisinfestazioni.com\\\/?s={search_term_string}\"},\"query-input\":{\"@type\":\"PropertyValueSpecification\",\"valueRequired\":true,\"valueName\":\"search_term_string\"}}],\"inLanguage\":\"it-IT\"},{\"@type\":\"Person\",\"@id\":\"https:\\\/\\\/www.romanidisinfestazioni.com\\\/#\\\/schema\\\/person\\\/b567faea9f59a232701363f97881117c\",\"name\":\"Norman\",\"image\":{\"@type\":\"ImageObject\",\"inLanguage\":\"it-IT\",\"@id\":\"https:\\\/\\\/secure.gravatar.com\\\/avatar\\\/b7904e87ffe45cf5eeb7ec42bbb191c1790c1ba18feb22f0c03fb049acc3f733?s=96&d=mm&r=g\",\"url\":\"https:\\\/\\\/secure.gravatar.com\\\/avatar\\\/b7904e87ffe45cf5eeb7ec42bbb191c1790c1ba18feb22f0c03fb049acc3f733?s=96&d=mm&r=g\",\"contentUrl\":\"https:\\\/\\\/secure.gravatar.com\\\/avatar\\\/b7904e87ffe45cf5eeb7ec42bbb191c1790c1ba18feb22f0c03fb049acc3f733?s=96&d=mm&r=g\",\"caption\":\"Norman\"},\"sameAs\":[\"http:\\\/\\\/www.romanidisinfestazioni.com\"],\"url\":\"https:\\\/\\\/www.romanidisinfestazioni.com\\\/index.php\\\/author\\\/admin\\\/\"}]}<\/script>\r\n<!-- \/ Yoast SEO plugin. -->","yoast_head_json":{"title":"World Pest Day Italia - Romani Disinfestazioni Srl","description":"L'evento \u00e8 a cura di ANID, l'Associazione Nazionale delle Imprese di Disinfestazione che organizza questo evento dove gli Operatori del settore si incontreranno nel prestigioso contesto della Sala Gagliardi a Noto per fare il punto e tracciare le linee guida per il futuro del Pest Management.","robots":{"index":"index","follow":"follow","max-snippet":"max-snippet:-1","max-image-preview":"max-image-preview:large","max-video-preview":"max-video-preview:-1"},"canonical":"https:\/\/www.romanidisinfestazioni.com\/index.php\/world-pest-day-italia\/","og_locale":"it_IT","og_type":"article","og_title":"World Pest Day Italia - Romani Disinfestazioni Srl","og_description":"L'evento \u00e8 a cura di ANID, l'Associazione Nazionale delle Imprese di Disinfestazione che organizza questo evento dove gli Operatori del settore si incontreranno nel prestigioso contesto della Sala Gagliardi a Noto per fare il punto e tracciare le linee guida per il futuro del Pest Management.","og_url":"https:\/\/www.romanidisinfestazioni.com\/index.php\/world-pest-day-italia\/","og_site_name":"Romani Disinfestazioni Srl","article_publisher":"http:\/\/www.facebook.com\/pages\/Romani-Igiene-Ambientale\/267582806619007","article_published_time":"2025-04-29T17:29:02+00:00","article_modified_time":"2025-04-29T17:29:39+00:00","og_image":[{"width":734,"height":597,"url":"https:\/\/www.romanidisinfestazioni.com\/wp-content\/uploads\/2025\/04\/World-Pest-Day-202506.jpg","type":"image\/jpeg"}],"author":"Norman","twitter_card":"summary_large_image","twitter_creator":"@romanidisinfe","twitter_site":"@romanidisinfe","twitter_misc":{"Scritto da":"Norman","Tempo di lettura stimato":"2 minuti"},"schema":{"@context":"https:\/\/schema.org","@graph":[{"@type":"Article","@id":"https:\/\/www.romanidisinfestazioni.com\/index.php\/world-pest-day-italia\/#article","isPartOf":{"@id":"https:\/\/www.romanidisinfestazioni.com\/index.php\/world-pest-day-italia\/"},"author":{"name":"Norman","@id":"https:\/\/www.romanidisinfestazioni.com\/#\/schema\/person\/b567faea9f59a232701363f97881117c"},"headline":"World Pest Day Italia","datePublished":"2025-04-29T17:29:02+00:00","dateModified":"2025-04-29T17:29:39+00:00","mainEntityOfPage":{"@id":"https:\/\/www.romanidisinfestazioni.com\/index.php\/world-pest-day-italia\/"},"wordCount":243,"commentCount":0,"image":{"@id":"https:\/\/www.romanidisinfestazioni.com\/index.php\/world-pest-day-italia\/#primaryimage"},"thumbnailUrl":"https:\/\/www.romanidisinfestazioni.com\/wp-content\/uploads\/2025\/04\/World-Pest-Day-202506.jpg","keywords":["world pest day"],"articleSection":["ANID"],"inLanguage":"it-IT","potentialAction":[{"@type":"CommentAction","name":"Comment","target":["https:\/\/www.romanidisinfestazioni.com\/index.php\/world-pest-day-italia\/#respond"]}]},{"@type":"WebPage","@id":"https:\/\/www.romanidisinfestazioni.com\/index.php\/world-pest-day-italia\/","url":"https:\/\/www.romanidisinfestazioni.com\/index.php\/world-pest-day-italia\/","name":"World Pest Day Italia - Romani Disinfestazioni Srl","isPartOf":{"@id":"https:\/\/www.romanidisinfestazioni.com\/#website"},"primaryImageOfPage":{"@id":"https:\/\/www.romanidisinfestazioni.com\/index.php\/world-pest-day-italia\/#primaryimage"},"image":{"@id":"https:\/\/www.romanidisinfestazioni.com\/index.php\/world-pest-day-italia\/#primaryimage"},"thumbnailUrl":"https:\/\/www.romanidisinfestazioni.com\/wp-content\/uploads\/2025\/04\/World-Pest-Day-202506.jpg","datePublished":"2025-04-29T17:29:02+00:00","dateModified":"2025-04-29T17:29:39+00:00","author":{"@id":"https:\/\/www.romanidisinfestazioni.com\/#\/schema\/person\/b567faea9f59a232701363f97881117c"},"description":"L'evento \u00e8 a cura di ANID, l'Associazione Nazionale delle Imprese di Disinfestazione che organizza questo evento dove gli Operatori del settore si incontreranno nel prestigioso contesto della Sala Gagliardi a Noto per fare il punto e tracciare le linee guida per il futuro del Pest Management.","breadcrumb":{"@id":"https:\/\/www.romanidisinfestazioni.com\/index.php\/world-pest-day-italia\/#breadcrumb"},"inLanguage":"it-IT","potentialAction":[{"@type":"ReadAction","target":["https:\/\/www.romanidisinfestazioni.com\/index.php\/world-pest-day-italia\/"]}]},{"@type":"ImageObject","inLanguage":"it-IT","@id":"https:\/\/www.romanidisinfestazioni.com\/index.php\/world-pest-day-italia\/#primaryimage","url":"https:\/\/www.romanidisinfestazioni.com\/wp-content\/uploads\/2025\/04\/World-Pest-Day-202506.jpg","contentUrl":"https:\/\/www.romanidisinfestazioni.com\/wp-content\/uploads\/2025\/04\/World-Pest-Day-202506.jpg","width":734,"height":597},{"@type":"BreadcrumbList","@id":"https:\/\/www.romanidisinfestazioni.com\/index.php\/world-pest-day-italia\/#breadcrumb","itemListElement":[{"@type":"ListItem","position":1,"name":"Home","item":"https:\/\/www.romanidisinfestazioni.com\/"},{"@type":"ListItem","position":2,"name":"ANID","item":"https:\/\/www.romanidisinfestazioni.com\/index.php\/category\/anid-2\/"},{"@type":"ListItem","position":3,"name":"World Pest Day Italia"}]},{"@type":"WebSite","@id":"https:\/\/www.romanidisinfestazioni.com\/#website","url":"https:\/\/www.romanidisinfestazioni.com\/","name":"Romani Disinfestazioni Srl","description":"Servizi di monitoraggio infestanti per Aziende Alimentari Certificate BRC\/IFS","potentialAction":[{"@type":"SearchAction","target":{"@type":"EntryPoint","urlTemplate":"https:\/\/www.romanidisinfestazioni.com\/?s={search_term_string}"},"query-input":{"@type":"PropertyValueSpecification","valueRequired":true,"valueName":"search_term_string"}}],"inLanguage":"it-IT"},{"@type":"Person","@id":"https:\/\/www.romanidisinfestazioni.com\/#\/schema\/person\/b567faea9f59a232701363f97881117c","name":"Norman","image":{"@type":"ImageObject","inLanguage":"it-IT","@id":"https:\/\/secure.gravatar.com\/avatar\/b7904e87ffe45cf5eeb7ec42bbb191c1790c1ba18feb22f0c03fb049acc3f733?s=96&d=mm&r=g","url":"https:\/\/secure.gravatar.com\/avatar\/b7904e87ffe45cf5eeb7ec42bbb191c1790c1ba18feb22f0c03fb049acc3f733?s=96&d=mm&r=g","contentUrl":"https:\/\/secure.gravatar.com\/avatar\/b7904e87ffe45cf5eeb7ec42bbb191c1790c1ba18feb22f0c03fb049acc3f733?s=96&d=mm&r=g","caption":"Norman"},"sameAs":["http:\/\/www.romanidisinfestazioni.com"],"url":"https:\/\/www.romanidisinfestazioni.com\/index.php\/author\/admin\/"}]}},"_links":{"self":[{"href":"https:\/\/www.romanidisinfestazioni.com\/index.php\/wp-json\/wp\/v2\/posts\/8861","targetHints":{"allow":["GET"]}}],"collection":[{"href":"https:\/\/www.romanidisinfestazioni.com\/index.php\/wp-json\/wp\/v2\/posts"}],"about":[{"href":"https:\/\/www.romanidisinfestazioni.com\/index.php\/wp-json\/wp\/v2\/types\/post"}],"author":[{"embeddable":true,"href":"https:\/\/www.romanidisinfestazioni.com\/index.php\/wp-json\/wp\/v2\/users\/1"}],"replies":[{"embeddable":true,"href":"https:\/\/www.romanidisinfestazioni.com\/index.php\/wp-json\/wp\/v2\/comments?post=8861"}],"version-history":[{"count":4,"href":"https:\/\/www.romanidisinfestazioni.com\/index.php\/wp-json\/wp\/v2\/posts\/8861\/revisions"}],"predecessor-version":[{"id":8868,"href":"https:\/\/www.romanidisinfestazioni.com\/index.php\/wp-json\/wp\/v2\/posts\/8861\/revisions\/8868"}],"wp:featuredmedia":[{"embeddable":true,"href":"https:\/\/www.romanidisinfestazioni.com\/index.php\/wp-json\/wp\/v2\/media\/8867"}],"wp:attachment":[{"href":"https:\/\/www.romanidisinfestazioni.com\/index.php\/wp-json\/wp\/v2\/media?parent=8861"}],"wp:term":[{"taxonomy":"category","embeddable":true,"href":"https:\/\/www.romanidisinfestazioni.com\/index.php\/wp-json\/wp\/v2\/categories?post=8861"},{"taxonomy":"post_tag","embeddable":true,"href":"https:\/\/www.romanidisinfestazioni.com\/index.php\/wp-json\/wp\/v2\/tags?post=8861"}],"curies":[{"name":"wp","href":"https:\/\/api.w.org\/{rel}","templated":true}]}}