{"id":887,"date":"2011-08-22T19:56:05","date_gmt":"2011-08-22T19:56:05","guid":{"rendered":"http:\/\/www.romanidisinfestazioni.com\/?p=887"},"modified":"2016-10-11T07:52:23","modified_gmt":"2016-10-11T07:52:23","slug":"vespe-dallo-spazio","status":"publish","type":"post","link":"https:\/\/www.romanidisinfestazioni.com\/index.php\/vespe-dallo-spazio\/","title":{"rendered":"Space invaders: vespe dallo spazio"},"content":{"rendered":"<div id=\"attachment_902\" style=\"width: 310px\" class=\"wp-caption aligncenter\"><img loading=\"lazy\" decoding=\"async\" aria-describedby=\"caption-attachment-902\" class=\"wp-image-902 size-full\" title=\"Vespa germanica 2\" src=\"http:\/\/www.romanidisinfestazioni.com\/wp-content\/uploads\/2011\/08\/Vespa-germanica-21.jpg\" alt=\"vespe dallo spazio\" width=\"300\" height=\"252\" srcset=\"https:\/\/www.romanidisinfestazioni.com\/wp-content\/uploads\/2011\/08\/Vespa-germanica-21.jpg 300w, https:\/\/www.romanidisinfestazioni.com\/wp-content\/uploads\/2011\/08\/Vespa-germanica-21-150x126.jpg 150w\" sizes=\"auto, (max-width: 300px) 100vw, 300px\" \/><p id=\"caption-attachment-902\" class=\"wp-caption-text\">Nido di Vespula Germanica<\/p><\/div>\n<p>Sicuramente \u00e8 l&#8217;insetto del mese:siano esse Vespula o Polistes in questi giorni le campagne e le periferie risultano invase da una vera e propria armata di questi imenotteri.Di indole mediamente aggressiva \u00e8 facile notarle mentre svolazzano ad altezza d&#8217;uomo intorno ai cancelli,alle porte ed alle finestre,tanto che alle volte i Clienti che ci contattano riferiscono di dover entrare od uscire di casa a corsa.Alzando lo sguardo oltre il bordo delle canale \u00e8 possibile notare un&#8217; intensa attivit\u00e0 delle vespe che fanno avanti e indietro dal tetto:tendono infatti a fare numerosi nidi nella parte inferiore dei coppi.Frequenti anche i nidi nelle mandolate delle capanne o di alcuni fabbricati rurali recuperati ad abitazione.<\/p>\n<p><strong>Classificazione<\/strong><br \/>\nVespula germanica (Fabricius, 1793) \u00e8 una specie di imenottero della famiglia delle Vespidae.<br \/>\n\u00c8 una vespa dalla tipica colorazione a bande nere e gialle.<br \/>\n\u00c8 in genere aggressiva, dalle abitudini alimentari prettamente carnivore. Alimenta le proprie larve con insetti che cattura e rinchiude nel favo con le proprie uova, affinch\u00e9 le larve che usciranno possano in seguito nutrirsene.<br \/>\nViene considerato un insetto dall&#8217;impatto negativo, soprattutto nell&#8217;ambito della frutticoltura, perch\u00e9 non disdegna di nutrirsi di frutta matura e dolce, sebbene sotto certi aspetti possa essere considerato un insetto utilie nella lotta biologica contro alcuni parassiti.<br \/>\n<strong>Origine e diffusione<\/strong><br \/>\nLa Vespula germanica \u00e8 originaria dell&#8217;Europa sebbene sia riuscita oramai ad acclimatarsi bene anche nel continente americano. \u00c8 presente anche in Nuova Zelanda<br \/>\nCome la maggior parte delle Vespula, la V. germanica \u00e8 una specie poliginica, in cui cio\u00e8 possono regnare pi\u00f9 regine in una stessa colonia denominata &#8220;super colonia&#8221; e che pu\u00f2 essere anche perenne.<br \/>\n<strong>Ciclo vitale<\/strong><br \/>\nIn primavera la regina svernante inizia a costruire un primo mucchietto di cellette prodotte con schegge di legno secco o di cartone impastate con la saliva della vespa a formare una pasta modellabile, che appena modellata si indurisce e prende consistenza cartacea. le prime cellette sono coperte da un involucro delle dimensioni di una noce, sempre cartaceo ma questa volta impermeabile che ripara il primo mazzetto di celle nelle quali si stanno sviluppando le prime operaie di una nuova colonia. la regina, finch\u00e9 non nascono le operaie, si occuper\u00e0 di accrescere il nido, difenderlo, procacciare viveri per il nido e ripararlo se rovinato: tutti compiti che spetteranno alle operaie una volta nate e alla regina quindi non rester\u00e0 che deporre le uova ed assicurarsi che tutte le larve e le operaie siano esclusivamente sue figlie, uccidendole o cacciandole altrimenti. Il nido quindi viene ampliato dalle operaie nascenti aggiungendo sempre pi\u00f9 strati attorno alla copertura iniziale che viene quindi demolita per far accrescere il numero di cellette che intanto sale. presto un solo piano di cellette non basta pi\u00f9, e subito ne vengono costruiti altri paralleli al piano iniziale, collegati fra loro con appositi pilastri cartacei. Il nido assume presto le dimensioni di un pallone da calcio. in altre specie di vespule americane, il nido si ferma a due o tre strati di cellette medio-piccoli con pochi strati attorno. Nelle Dolichovespula il nido raramente \u00e8 composto da pi\u00f9 di uno strato di cellette. Intanto che il nido si accresce, la regina ha sempre pi\u00f9 cellette a disposizione per deporre e per tutta l&#8217;estate il nido non fa altro che ampliarsi e le operaie a crescere di numero. Le ultime covate di operaie, essendo pi\u00f9 nutrite, danno operaie grandi quanto regine e difficili nella distinzione da quest&#8217;ultime. Dopo che le ultime operaie sono nate, \u00e8 ormai autunno inoltrato e ci sono gi\u00e0 migliaia di esemplari: allora la regina cessa provvisoriamente di deporre le uova per lasciare sufficiente spazio alla covata futura per progredire di numero. L&#8217;ultima covata, prima della morte della regina, dar\u00e0 nuove regine ed esemplari maschi: \u00e8 quasi inverno. le operaie stanno ormai morendo e ne restano sempre meno dopo la morte della regina ormai troppo anziana. le poche operaie rimaste si curano esclusivamente a nutrire e difendere le nuove femmine fertili ed i maschi per prepararli al volo nuziale che solitamente si ha quando le temperature sono ormai basse. Le giovani regine ed i maschi, quindi, volano via dal nido di appartenenza e si disperdono assieme ad altri sessuati di altri nidi. Quando una femmina fertile incontra un maschio, non necessariamente proveniente da un diverso nido, ha luogo l&#8217;accoppiamento dopo il quale il maschio muore e la femmina fecondata va a svernare nel legno marcio o sotto terra in attesa della bella stagione per riavviare il ciclo vitale.<\/p>\n<p>Continua la lettura dell\u00b4articolo integrale su <a href=\"http:\/\/it.wikipedia.org\/wiki\/Vespula_germanica\" target=\"_blank\">Wikipedia<\/a><\/p>\n<p><strong>Lotta<\/strong><br \/>\nIl controllo di questa tipologia di insetti si effettua sopratutto con la localizzazione e la bonifica dei nidi,spesso presenti nei sottotetti delle abitazioni, specie in quelle ove sono presenti i tipici coppi alla toscana.La disinfestazione si effettua con prodotti insetticidi nebulizzati a regola d\u00b4arte all\u00b4interno delle cavita\u00b4ove sono presenti i nidi e che possono arrivare ad ospitare circa una cinquantina di vespe.<\/p>\n<div class=\"likebtn_container\" style=\"\"><!-- LikeBtn.com BEGIN --><span class=\"likebtn-wrapper\"  data-identifier=\"post_887\"  data-lang=\"it\"  data-style=\"\"  data-unlike_allowed=\"\"  data-show_copyright=\"\"  data-item_url=\"https:\/\/www.romanidisinfestazioni.com\/index.php\/vespe-dallo-spazio\/\"  data-item_title=\"Space invaders: vespe dallo spazio\"  data-item_date=\"2011-08-22T19:56:05+00:00\"  data-engine=\"WordPress\"  data-plugin_v=\"2.6.59\"  data-event_handler=\"likebtn_eh\" ><\/span><!-- LikeBtn.com END --><\/div>","protected":false},"excerpt":{"rendered":"<p>Sicuramente \u00e8 l&#8217;insetto del mese:siano esse Vespula o Polistes in questi giorni le campagne e le periferie risultano invase da una vera e propria armata di questi imenotteri.Di indole mediamente aggressiva \u00e8 facile notarle mentre svolazzano ad altezza d&#8217;uomo intorno ai cancelli,alle porte ed alle finestre,tanto che alle volte i Clienti che ci contattano riferiscono [&hellip;]<\/p>\n<div class=\"likebtn_container\" style=\"\"><!-- LikeBtn.com BEGIN --><span class=\"likebtn-wrapper\"  data-identifier=\"post_887\"  data-lang=\"it\"  data-style=\"\"  data-unlike_allowed=\"\"  data-show_copyright=\"\"  data-item_url=\"https:\/\/www.romanidisinfestazioni.com\/index.php\/vespe-dallo-spazio\/\"  data-item_title=\"Space invaders: vespe dallo spazio\"  data-item_date=\"2011-08-22T19:56:05+00:00\"  data-engine=\"WordPress\"  data-plugin_v=\"2.6.59\"  data-event_handler=\"likebtn_eh\" ><\/span><!-- LikeBtn.com END --><\/div>","protected":false},"author":1,"featured_media":0,"comment_status":"open","ping_status":"open","sticky":false,"template":"","format":"standard","meta":{"footnotes":""},"categories":[1,43],"tags":[123,219,137,166,216,218,217],"class_list":["post-887","post","type-post","status-publish","format-standard","hentry","category-varie","category-vespe-calabroni","tag-lucca","tag-polistes","tag-romani-disinfestazioni","tag-toscana","tag-vespa","tag-vespa-germanica","tag-vespula"],"yoast_head":"<!-- This site is optimized with the Yoast SEO plugin v27.3 - https:\/\/yoast.com\/product\/yoast-seo-wordpress\/ -->\r\n<title>Space invaders: vespe dallo spazio - Romani Disinfestazioni Srl<\/title>\r\n<meta name=\"description\" content=\"Sicuramente l&#039;insetto del mese \u00e8 la Vespula in questi giorni le campagne e le periferie risultano invase da una vera e propria armata di&quot;vespe dallo spazio&quot;\" \/>\r\n<meta name=\"robots\" content=\"index, follow, max-snippet:-1, max-image-preview:large, max-video-preview:-1\" \/>\r\n<link rel=\"canonical\" href=\"https:\/\/www.romanidisinfestazioni.com\/index.php\/vespe-dallo-spazio\/\" \/>\r\n<meta property=\"og:locale\" content=\"it_IT\" \/>\r\n<meta property=\"og:type\" content=\"article\" \/>\r\n<meta property=\"og:title\" content=\"Space invaders: vespe dallo spazio - Romani Disinfestazioni Srl\" \/>\r\n<meta property=\"og:description\" content=\"Sicuramente l&#039;insetto del mese \u00e8 la Vespula in questi giorni le campagne e le periferie risultano invase da una vera e propria armata di&quot;vespe dallo spazio&quot;\" \/>\r\n<meta property=\"og:url\" content=\"https:\/\/www.romanidisinfestazioni.com\/index.php\/vespe-dallo-spazio\/\" \/>\r\n<meta property=\"og:site_name\" content=\"Romani Disinfestazioni Srl\" \/>\r\n<meta property=\"article:publisher\" content=\"http:\/\/www.facebook.com\/pages\/Romani-Igiene-Ambientale\/267582806619007\" \/>\r\n<meta property=\"article:published_time\" content=\"2011-08-22T19:56:05+00:00\" \/>\r\n<meta property=\"article:modified_time\" content=\"2016-10-11T07:52:23+00:00\" \/>\r\n<meta property=\"og:image\" content=\"http:\/\/www.romanidisinfestazioni.com\/wp-content\/uploads\/2011\/08\/Vespa-germanica-21.jpg\" \/>\r\n<meta name=\"author\" content=\"Norman\" \/>\r\n<meta name=\"twitter:card\" content=\"summary_large_image\" \/>\r\n<meta name=\"twitter:creator\" content=\"@romanidisinfe\" \/>\r\n<meta name=\"twitter:site\" content=\"@romanidisinfe\" \/>\r\n<meta name=\"twitter:label1\" content=\"Scritto da\" \/>\n\t<meta name=\"twitter:data1\" content=\"Norman\" \/>\n\t<meta name=\"twitter:label2\" content=\"Tempo di lettura stimato\" \/>\n\t<meta name=\"twitter:data2\" content=\"4 minuti\" \/>\r\n<script type=\"application\/ld+json\" class=\"yoast-schema-graph\">{\"@context\":\"https:\\\/\\\/schema.org\",\"@graph\":[{\"@type\":\"Article\",\"@id\":\"https:\\\/\\\/www.romanidisinfestazioni.com\\\/index.php\\\/vespe-dallo-spazio\\\/#article\",\"isPartOf\":{\"@id\":\"https:\\\/\\\/www.romanidisinfestazioni.com\\\/index.php\\\/vespe-dallo-spazio\\\/\"},\"author\":{\"name\":\"Norman\",\"@id\":\"https:\\\/\\\/www.romanidisinfestazioni.com\\\/#\\\/schema\\\/person\\\/b567faea9f59a232701363f97881117c\"},\"headline\":\"Space invaders: vespe dallo spazio\",\"datePublished\":\"2011-08-22T19:56:05+00:00\",\"dateModified\":\"2016-10-11T07:52:23+00:00\",\"mainEntityOfPage\":{\"@id\":\"https:\\\/\\\/www.romanidisinfestazioni.com\\\/index.php\\\/vespe-dallo-spazio\\\/\"},\"wordCount\":831,\"commentCount\":0,\"image\":{\"@id\":\"https:\\\/\\\/www.romanidisinfestazioni.com\\\/index.php\\\/vespe-dallo-spazio\\\/#primaryimage\"},\"thumbnailUrl\":\"http:\\\/\\\/www.romanidisinfestazioni.com\\\/wp-content\\\/uploads\\\/2011\\\/08\\\/Vespa-germanica-21.jpg\",\"keywords\":[\"lucca\",\"polistes\",\"romani disinfestazioni\",\"toscana\",\"vespa\",\"vespa germanica\",\"vespula\"],\"articleSection\":[\"Varie\",\"Vespe e imenotteri\"],\"inLanguage\":\"it-IT\",\"potentialAction\":[{\"@type\":\"CommentAction\",\"name\":\"Comment\",\"target\":[\"https:\\\/\\\/www.romanidisinfestazioni.com\\\/index.php\\\/vespe-dallo-spazio\\\/#respond\"]}]},{\"@type\":\"WebPage\",\"@id\":\"https:\\\/\\\/www.romanidisinfestazioni.com\\\/index.php\\\/vespe-dallo-spazio\\\/\",\"url\":\"https:\\\/\\\/www.romanidisinfestazioni.com\\\/index.php\\\/vespe-dallo-spazio\\\/\",\"name\":\"Space invaders: vespe dallo spazio - Romani Disinfestazioni Srl\",\"isPartOf\":{\"@id\":\"https:\\\/\\\/www.romanidisinfestazioni.com\\\/#website\"},\"primaryImageOfPage\":{\"@id\":\"https:\\\/\\\/www.romanidisinfestazioni.com\\\/index.php\\\/vespe-dallo-spazio\\\/#primaryimage\"},\"image\":{\"@id\":\"https:\\\/\\\/www.romanidisinfestazioni.com\\\/index.php\\\/vespe-dallo-spazio\\\/#primaryimage\"},\"thumbnailUrl\":\"http:\\\/\\\/www.romanidisinfestazioni.com\\\/wp-content\\\/uploads\\\/2011\\\/08\\\/Vespa-germanica-21.jpg\",\"datePublished\":\"2011-08-22T19:56:05+00:00\",\"dateModified\":\"2016-10-11T07:52:23+00:00\",\"author\":{\"@id\":\"https:\\\/\\\/www.romanidisinfestazioni.com\\\/#\\\/schema\\\/person\\\/b567faea9f59a232701363f97881117c\"},\"description\":\"Sicuramente l'insetto del mese \u00e8 la Vespula in questi giorni le campagne e le periferie risultano invase da una vera e propria armata di\\\"vespe dallo spazio\\\"\",\"breadcrumb\":{\"@id\":\"https:\\\/\\\/www.romanidisinfestazioni.com\\\/index.php\\\/vespe-dallo-spazio\\\/#breadcrumb\"},\"inLanguage\":\"it-IT\",\"potentialAction\":[{\"@type\":\"ReadAction\",\"target\":[\"https:\\\/\\\/www.romanidisinfestazioni.com\\\/index.php\\\/vespe-dallo-spazio\\\/\"]}]},{\"@type\":\"ImageObject\",\"inLanguage\":\"it-IT\",\"@id\":\"https:\\\/\\\/www.romanidisinfestazioni.com\\\/index.php\\\/vespe-dallo-spazio\\\/#primaryimage\",\"url\":\"http:\\\/\\\/www.romanidisinfestazioni.com\\\/wp-content\\\/uploads\\\/2011\\\/08\\\/Vespa-germanica-21.jpg\",\"contentUrl\":\"http:\\\/\\\/www.romanidisinfestazioni.com\\\/wp-content\\\/uploads\\\/2011\\\/08\\\/Vespa-germanica-21.jpg\"},{\"@type\":\"BreadcrumbList\",\"@id\":\"https:\\\/\\\/www.romanidisinfestazioni.com\\\/index.php\\\/vespe-dallo-spazio\\\/#breadcrumb\",\"itemListElement\":[{\"@type\":\"ListItem\",\"position\":1,\"name\":\"Home\",\"item\":\"https:\\\/\\\/www.romanidisinfestazioni.com\\\/\"},{\"@type\":\"ListItem\",\"position\":2,\"name\":\"Varie\",\"item\":\"https:\\\/\\\/www.romanidisinfestazioni.com\\\/index.php\\\/category\\\/varie\\\/\"},{\"@type\":\"ListItem\",\"position\":3,\"name\":\"Space invaders: vespe dallo spazio\"}]},{\"@type\":\"WebSite\",\"@id\":\"https:\\\/\\\/www.romanidisinfestazioni.com\\\/#website\",\"url\":\"https:\\\/\\\/www.romanidisinfestazioni.com\\\/\",\"name\":\"Romani Disinfestazioni Srl\",\"description\":\"Servizi di monitoraggio infestanti per Aziende Alimentari Certificate BRC\\\/IFS\",\"potentialAction\":[{\"@type\":\"SearchAction\",\"target\":{\"@type\":\"EntryPoint\",\"urlTemplate\":\"https:\\\/\\\/www.romanidisinfestazioni.com\\\/?s={search_term_string}\"},\"query-input\":{\"@type\":\"PropertyValueSpecification\",\"valueRequired\":true,\"valueName\":\"search_term_string\"}}],\"inLanguage\":\"it-IT\"},{\"@type\":\"Person\",\"@id\":\"https:\\\/\\\/www.romanidisinfestazioni.com\\\/#\\\/schema\\\/person\\\/b567faea9f59a232701363f97881117c\",\"name\":\"Norman\",\"image\":{\"@type\":\"ImageObject\",\"inLanguage\":\"it-IT\",\"@id\":\"https:\\\/\\\/secure.gravatar.com\\\/avatar\\\/b7904e87ffe45cf5eeb7ec42bbb191c1790c1ba18feb22f0c03fb049acc3f733?s=96&d=mm&r=g\",\"url\":\"https:\\\/\\\/secure.gravatar.com\\\/avatar\\\/b7904e87ffe45cf5eeb7ec42bbb191c1790c1ba18feb22f0c03fb049acc3f733?s=96&d=mm&r=g\",\"contentUrl\":\"https:\\\/\\\/secure.gravatar.com\\\/avatar\\\/b7904e87ffe45cf5eeb7ec42bbb191c1790c1ba18feb22f0c03fb049acc3f733?s=96&d=mm&r=g\",\"caption\":\"Norman\"},\"sameAs\":[\"http:\\\/\\\/www.romanidisinfestazioni.com\"],\"url\":\"https:\\\/\\\/www.romanidisinfestazioni.com\\\/index.php\\\/author\\\/admin\\\/\"}]}<\/script>\r\n<!-- \/ Yoast SEO plugin. -->","yoast_head_json":{"title":"Space invaders: vespe dallo spazio - Romani Disinfestazioni Srl","description":"Sicuramente l'insetto del mese \u00e8 la Vespula in questi giorni le campagne e le periferie risultano invase da una vera e propria armata di\"vespe dallo spazio\"","robots":{"index":"index","follow":"follow","max-snippet":"max-snippet:-1","max-image-preview":"max-image-preview:large","max-video-preview":"max-video-preview:-1"},"canonical":"https:\/\/www.romanidisinfestazioni.com\/index.php\/vespe-dallo-spazio\/","og_locale":"it_IT","og_type":"article","og_title":"Space invaders: vespe dallo spazio - Romani Disinfestazioni Srl","og_description":"Sicuramente l'insetto del mese \u00e8 la Vespula in questi giorni le campagne e le periferie risultano invase da una vera e propria armata di\"vespe dallo spazio\"","og_url":"https:\/\/www.romanidisinfestazioni.com\/index.php\/vespe-dallo-spazio\/","og_site_name":"Romani Disinfestazioni Srl","article_publisher":"http:\/\/www.facebook.com\/pages\/Romani-Igiene-Ambientale\/267582806619007","article_published_time":"2011-08-22T19:56:05+00:00","article_modified_time":"2016-10-11T07:52:23+00:00","og_image":[{"url":"http:\/\/www.romanidisinfestazioni.com\/wp-content\/uploads\/2011\/08\/Vespa-germanica-21.jpg","type":"","width":"","height":""}],"author":"Norman","twitter_card":"summary_large_image","twitter_creator":"@romanidisinfe","twitter_site":"@romanidisinfe","twitter_misc":{"Scritto da":"Norman","Tempo di lettura stimato":"4 minuti"},"schema":{"@context":"https:\/\/schema.org","@graph":[{"@type":"Article","@id":"https:\/\/www.romanidisinfestazioni.com\/index.php\/vespe-dallo-spazio\/#article","isPartOf":{"@id":"https:\/\/www.romanidisinfestazioni.com\/index.php\/vespe-dallo-spazio\/"},"author":{"name":"Norman","@id":"https:\/\/www.romanidisinfestazioni.com\/#\/schema\/person\/b567faea9f59a232701363f97881117c"},"headline":"Space invaders: vespe dallo spazio","datePublished":"2011-08-22T19:56:05+00:00","dateModified":"2016-10-11T07:52:23+00:00","mainEntityOfPage":{"@id":"https:\/\/www.romanidisinfestazioni.com\/index.php\/vespe-dallo-spazio\/"},"wordCount":831,"commentCount":0,"image":{"@id":"https:\/\/www.romanidisinfestazioni.com\/index.php\/vespe-dallo-spazio\/#primaryimage"},"thumbnailUrl":"http:\/\/www.romanidisinfestazioni.com\/wp-content\/uploads\/2011\/08\/Vespa-germanica-21.jpg","keywords":["lucca","polistes","romani disinfestazioni","toscana","vespa","vespa germanica","vespula"],"articleSection":["Varie","Vespe e imenotteri"],"inLanguage":"it-IT","potentialAction":[{"@type":"CommentAction","name":"Comment","target":["https:\/\/www.romanidisinfestazioni.com\/index.php\/vespe-dallo-spazio\/#respond"]}]},{"@type":"WebPage","@id":"https:\/\/www.romanidisinfestazioni.com\/index.php\/vespe-dallo-spazio\/","url":"https:\/\/www.romanidisinfestazioni.com\/index.php\/vespe-dallo-spazio\/","name":"Space invaders: vespe dallo spazio - Romani Disinfestazioni Srl","isPartOf":{"@id":"https:\/\/www.romanidisinfestazioni.com\/#website"},"primaryImageOfPage":{"@id":"https:\/\/www.romanidisinfestazioni.com\/index.php\/vespe-dallo-spazio\/#primaryimage"},"image":{"@id":"https:\/\/www.romanidisinfestazioni.com\/index.php\/vespe-dallo-spazio\/#primaryimage"},"thumbnailUrl":"http:\/\/www.romanidisinfestazioni.com\/wp-content\/uploads\/2011\/08\/Vespa-germanica-21.jpg","datePublished":"2011-08-22T19:56:05+00:00","dateModified":"2016-10-11T07:52:23+00:00","author":{"@id":"https:\/\/www.romanidisinfestazioni.com\/#\/schema\/person\/b567faea9f59a232701363f97881117c"},"description":"Sicuramente l'insetto del mese \u00e8 la Vespula in questi giorni le campagne e le periferie risultano invase da una vera e propria armata di\"vespe dallo spazio\"","breadcrumb":{"@id":"https:\/\/www.romanidisinfestazioni.com\/index.php\/vespe-dallo-spazio\/#breadcrumb"},"inLanguage":"it-IT","potentialAction":[{"@type":"ReadAction","target":["https:\/\/www.romanidisinfestazioni.com\/index.php\/vespe-dallo-spazio\/"]}]},{"@type":"ImageObject","inLanguage":"it-IT","@id":"https:\/\/www.romanidisinfestazioni.com\/index.php\/vespe-dallo-spazio\/#primaryimage","url":"http:\/\/www.romanidisinfestazioni.com\/wp-content\/uploads\/2011\/08\/Vespa-germanica-21.jpg","contentUrl":"http:\/\/www.romanidisinfestazioni.com\/wp-content\/uploads\/2011\/08\/Vespa-germanica-21.jpg"},{"@type":"BreadcrumbList","@id":"https:\/\/www.romanidisinfestazioni.com\/index.php\/vespe-dallo-spazio\/#breadcrumb","itemListElement":[{"@type":"ListItem","position":1,"name":"Home","item":"https:\/\/www.romanidisinfestazioni.com\/"},{"@type":"ListItem","position":2,"name":"Varie","item":"https:\/\/www.romanidisinfestazioni.com\/index.php\/category\/varie\/"},{"@type":"ListItem","position":3,"name":"Space invaders: vespe dallo spazio"}]},{"@type":"WebSite","@id":"https:\/\/www.romanidisinfestazioni.com\/#website","url":"https:\/\/www.romanidisinfestazioni.com\/","name":"Romani Disinfestazioni Srl","description":"Servizi di monitoraggio infestanti per Aziende Alimentari Certificate BRC\/IFS","potentialAction":[{"@type":"SearchAction","target":{"@type":"EntryPoint","urlTemplate":"https:\/\/www.romanidisinfestazioni.com\/?s={search_term_string}"},"query-input":{"@type":"PropertyValueSpecification","valueRequired":true,"valueName":"search_term_string"}}],"inLanguage":"it-IT"},{"@type":"Person","@id":"https:\/\/www.romanidisinfestazioni.com\/#\/schema\/person\/b567faea9f59a232701363f97881117c","name":"Norman","image":{"@type":"ImageObject","inLanguage":"it-IT","@id":"https:\/\/secure.gravatar.com\/avatar\/b7904e87ffe45cf5eeb7ec42bbb191c1790c1ba18feb22f0c03fb049acc3f733?s=96&d=mm&r=g","url":"https:\/\/secure.gravatar.com\/avatar\/b7904e87ffe45cf5eeb7ec42bbb191c1790c1ba18feb22f0c03fb049acc3f733?s=96&d=mm&r=g","contentUrl":"https:\/\/secure.gravatar.com\/avatar\/b7904e87ffe45cf5eeb7ec42bbb191c1790c1ba18feb22f0c03fb049acc3f733?s=96&d=mm&r=g","caption":"Norman"},"sameAs":["http:\/\/www.romanidisinfestazioni.com"],"url":"https:\/\/www.romanidisinfestazioni.com\/index.php\/author\/admin\/"}]}},"_links":{"self":[{"href":"https:\/\/www.romanidisinfestazioni.com\/index.php\/wp-json\/wp\/v2\/posts\/887","targetHints":{"allow":["GET"]}}],"collection":[{"href":"https:\/\/www.romanidisinfestazioni.com\/index.php\/wp-json\/wp\/v2\/posts"}],"about":[{"href":"https:\/\/www.romanidisinfestazioni.com\/index.php\/wp-json\/wp\/v2\/types\/post"}],"author":[{"embeddable":true,"href":"https:\/\/www.romanidisinfestazioni.com\/index.php\/wp-json\/wp\/v2\/users\/1"}],"replies":[{"embeddable":true,"href":"https:\/\/www.romanidisinfestazioni.com\/index.php\/wp-json\/wp\/v2\/comments?post=887"}],"version-history":[{"count":22,"href":"https:\/\/www.romanidisinfestazioni.com\/index.php\/wp-json\/wp\/v2\/posts\/887\/revisions"}],"predecessor-version":[{"id":5100,"href":"https:\/\/www.romanidisinfestazioni.com\/index.php\/wp-json\/wp\/v2\/posts\/887\/revisions\/5100"}],"wp:attachment":[{"href":"https:\/\/www.romanidisinfestazioni.com\/index.php\/wp-json\/wp\/v2\/media?parent=887"}],"wp:term":[{"taxonomy":"category","embeddable":true,"href":"https:\/\/www.romanidisinfestazioni.com\/index.php\/wp-json\/wp\/v2\/categories?post=887"},{"taxonomy":"post_tag","embeddable":true,"href":"https:\/\/www.romanidisinfestazioni.com\/index.php\/wp-json\/wp\/v2\/tags?post=887"}],"curies":[{"name":"wp","href":"https:\/\/api.w.org\/{rel}","templated":true}]}}